{"id":112,"date":"2023-03-21T10:09:10","date_gmt":"2023-03-21T10:09:10","guid":{"rendered":"https:\/\/www.tjsokolbystriceph.cz\/?p=112"},"modified":"2023-04-19T09:27:36","modified_gmt":"2023-04-19T09:27:36","slug":"pozvanka-na-valnou-hromadu-30-3-2023","status":"publish","type":"post","link":"https:\/\/www.tjsokolbystriceph.cz\/?p=112","title":{"rendered":"Pozv\u00e1nka na valnou hromadu 30.3.2023"},"content":{"rendered":"\n<p><strong>POZV\u00c1NKA na VALNOU HROMADU,<\/strong><\/p>\n\n\n\n<p>kter\u00e1 se kon\u00e1 <strong>ve \u010dtvrtek 30. b\u0159ezna 2023 v&nbsp;17:00 hodin v klubovn\u011b sokolovny<\/strong><\/p>\n\n\n\n<p>Program:<\/p>\n\n\n\n<ol class=\"wp-block-list\" type=\"1\">\n<li>Uv\u00edt\u00e1n\u00ed<\/li>\n\n\n\n<li>Volba mand\u00e1tn\u00ed komise<\/li>\n\n\n\n<li>Schv\u00e1len\u00ed programu valn\u00e9 hromady<\/li>\n\n\n\n<li>Zpr\u00e1va starosty \/i za matriku a hospoda\u0159en\u00ed\/<\/li>\n\n\n\n<li>Zpr\u00e1va n\u00e1\u010delnice jednoty<\/li>\n\n\n\n<li>Zpr\u00e1va o loutkov\u00e9m divadle<\/li>\n\n\n\n<li>Zpr\u00e1va kontroln\u00ed komise, n\u00e1vrh na schv\u00e1len\u00ed ro\u010dn\u00ed uz\u00e1v\u011brky<\/li>\n\n\n\n<li>\u00dakoly pro nov\u00e9 volebn\u00ed obdob\u00ed<\/li>\n\n\n\n<li>Diskuse<\/li>\n\n\n\n<li>Projedn\u00e1n\u00ed n\u00e1vrhu na usnesen\u00ed VH a schv\u00e1len\u00ed usnesen\u00ed<\/li>\n\n\n\n<li>Z\u00e1v\u011br<\/li>\n<\/ol>\n\n\n\n<p>T\u011b\u0161\u00edme se na spole\u010dn\u00e9 setk\u00e1n\u00ed!<\/p>\n\n\n\n<p>Mal\u00e9 ob\u010derstven\u00ed zaji\u0161t\u011bno.<\/p>\n\n\n\n<p><br>Senio\u0159i budou m\u00edt mo\u017enost zaplatit \u010dlensk\u00e9 p\u0159\u00edsp\u011bvky.<br><br>Za T.J. Sokol Byst\u0159ice pod Host\u00fdnem,<\/p>\n\n\n\n<p>Ing. Zbyn\u011bk Svoboda, starosta<\/p>\n\n\n\n<p><\/p>\n\n\n\n<div data-wp-interactive=\"core\/file\" class=\"wp-block-file\"><object data-wp-bind--hidden=\"!state.hasPdfPreview\" hidden class=\"wp-block-file__embed\" data=\"https:\/\/www.tjsokolbystriceph.cz\/wp-content\/uploads\/2023\/03\/Valna-hromada-Pozvanka-2023.pdf\" type=\"application\/pdf\" style=\"width:100%;height:600px\" aria-label=\"Vlo\u017eit z Valna-hromada-Pozvanka-2023.\"><\/object><a id=\"wp-block-file--media-f620c428-2fad-4663-8d19-fc7ac2aec927\" href=\"https:\/\/www.tjsokolbystriceph.cz\/wp-content\/uploads\/2023\/03\/Valna-hromada-Pozvanka-2023.pdf\">Valna-hromada-Pozvanka-2023<\/a><a href=\"https:\/\/www.tjsokolbystriceph.cz\/wp-content\/uploads\/2023\/03\/Valna-hromada-Pozvanka-2023.pdf\" class=\"wp-block-file__button wp-element-button\" download aria-describedby=\"wp-block-file--media-f620c428-2fad-4663-8d19-fc7ac2aec927\">St\u00e1hnout<\/a><\/div>\n\n\n\n<p><\/p>\n\n\n\n<p><\/p>\n\n\n\n<p><\/p>\n\n\n\n<p><\/p>\n\n\n\n<p><\/p>\n\n\n\n<p><\/p>\n\n\n\n<p><\/p>\n\n\n\n<p><\/p>\n\n\n\n<p><\/p>\n\n\n\n<p><\/p>\n\n\n\n<p><\/p>\n\n\n\n<p><\/p>\n\n\n\n<p><\/p>\n\n\n\n<p><\/p>\n\n\n\n<p><\/p>\n\n\n\n<p><\/p>\n\n\n\n<p><\/p>\n\n\n\n<p><\/p>\n\n\n\n<p><\/p>\n\n\n\n<p><\/p>\n\n\n\n<p><\/p>\n\n\n\n<p><\/p>\n\n\n\n<p><\/p>\n\n\n\n<p><\/p>\n\n\n\n<p><\/p>\n\n\n\n<p><\/p>\n\n\n\n<p><\/p>\n\n\n\n<p><\/p>\n\n\n\n<p><\/p>\n\n\n\n<p><\/p>\n\n\n\n<p><\/p>\n\n\n\n<p><\/p>\n\n\n\n<p><\/p>\n\n\n\n<p><\/p>\n\n\n\n<p><\/p>\n\n\n\n<p><\/p>\n\n\n\n<p><\/p>\n\n\n\n<p><\/p>\n","protected":false},"excerpt":{"rendered":"<p>POZV\u00c1NKA na VALNOU HROMADU, kter\u00e1 se kon\u00e1 ve \u010dtvrtek 30. b\u0159ezna 2023 v&nbsp;17:00 hodin v klubovn\u011b sokolovny Program: T\u011b\u0161\u00edme se na spole\u010dn\u00e9 setk\u00e1n\u00ed! Mal\u00e9 ob\u010derstven\u00ed zaji\u0161t\u011bno. Senio\u0159i budou m\u00edt mo\u017enost zaplatit \u010dlensk\u00e9 p\u0159\u00edsp\u011bvky. Za T.J. Sokol Byst\u0159ice pod Host\u00fdnem, Ing. Zbyn\u011bk Svoboda, starosta<\/p>\n","protected":false},"author":1,"featured_media":0,"comment_status":"closed","ping_status":"closed","sticky":false,"template":"","format":"standard","meta":{"_et_pb_use_builder":"off","_et_pb_old_content":"","_et_gb_content_width":"","footnotes":""},"categories":[10],"tags":[],"class_list":["post-112","post","type-post","status-publish","format-standard","hentry","category-archiv"],"_links":{"self":[{"href":"https:\/\/www.tjsokolbystriceph.cz\/index.php?rest_route=\/wp\/v2\/posts\/112","targetHints":{"allow":["GET"]}}],"collection":[{"href":"https:\/\/www.tjsokolbystriceph.cz\/index.php?rest_route=\/wp\/v2\/posts"}],"about":[{"href":"https:\/\/www.tjsokolbystriceph.cz\/index.php?rest_route=\/wp\/v2\/types\/post"}],"author":[{"embeddable":true,"href":"https:\/\/www.tjsokolbystriceph.cz\/index.php?rest_route=\/wp\/v2\/users\/1"}],"replies":[{"embeddable":true,"href":"https:\/\/www.tjsokolbystriceph.cz\/index.php?rest_route=%2Fwp%2Fv2%2Fcomments&post=112"}],"version-history":[{"count":4,"href":"https:\/\/www.tjsokolbystriceph.cz\/index.php?rest_route=\/wp\/v2\/posts\/112\/revisions"}],"predecessor-version":[{"id":117,"href":"https:\/\/www.tjsokolbystriceph.cz\/index.php?rest_route=\/wp\/v2\/posts\/112\/revisions\/117"}],"wp:attachment":[{"href":"https:\/\/www.tjsokolbystriceph.cz\/index.php?rest_route=%2Fwp%2Fv2%2Fmedia&parent=112"}],"wp:term":[{"taxonomy":"category","embeddable":true,"href":"https:\/\/www.tjsokolbystriceph.cz\/index.php?rest_route=%2Fwp%2Fv2%2Fcategories&post=112"},{"taxonomy":"post_tag","embeddable":true,"href":"https:\/\/www.tjsokolbystriceph.cz\/index.php?rest_route=%2Fwp%2Fv2%2Ftags&post=112"}],"curies":[{"name":"wp","href":"https:\/\/api.w.org\/{rel}","templated":true}]}}