{"id":120,"date":"2023-04-19T09:00:47","date_gmt":"2023-04-19T09:00:47","guid":{"rendered":"https:\/\/www.tjsokolbystriceph.cz\/?p=120"},"modified":"2023-04-23T08:21:22","modified_gmt":"2023-04-23T08:21:22","slug":"zalesacky-zavod-zdatnosti-zupni-prebor","status":"publish","type":"post","link":"https:\/\/www.tjsokolbystriceph.cz\/?p=120","title":{"rendered":"Z\u00e1les\u00e1ck\u00fd z\u00e1vod zdatnosti, \u017eupn\u00ed p\u0159ebor 22.4.2023"},"content":{"rendered":"\n<p>V sobotu 22.4.2023 se v\u016fbec poprv\u00e9 v Byst\u0159ici pod Host\u00fdnem v Biatlonov\u00e9m are\u00e1lu Bedlina kon\u00e1 \u017eupn\u00ed p\u0159ebor Z\u00e1les\u00e1ck\u00e9ho z\u00e1vodu zdatnosti, zkr\u00e1cen\u011b ZZZ.<\/p>\n\n\n\n<h2 class=\"wp-block-heading\">Z\u00e1vod<\/h2>\n\n\n\n<p>Za\u010d\u00e1tek z\u00e1vodu v 10:00. P\u0159edpokl\u00e1dan\u00e9 ukon\u010den\u00ed akce v 15:00 (v z\u00e1vislosti na okolnostech se konec z\u00e1vodu m\u016f\u017ee zm\u011bnit).<\/p>\n\n\n\n<p><strong>ZZZ je sout\u011b\u017e sokolsk\u00e9 v\u0161estrannosti, kter\u00e1 se kon\u00e1 se v p\u0159\u00edrodn\u00edm prost\u0159ed\u00ed, kdy na okruhu cca 5 km pln\u00ed hl\u00eddky r\u016fzn\u00e9 \u00fakoly. B\u011b\u017e\u00ed se na \u010das.<\/strong> <strong>Sout\u011b\u017e\u00ed 3-\u010dlenn\u00e1 dru\u017estva, tzv. hl\u00eddky, ve v\u011bkov\u00e9 kategorii od 10ti let.<\/strong><\/p>\n\n\n\n<p><strong>Na z\u00e1vodn\u00edky \u010dekaj\u00ed topografie, pr\u00e1ce s ohn\u011bm, p\u0159ekon\u00e1v\u00e1n\u00ed p\u0159ek\u00e1\u017eek, pozn\u00e1v\u00e1n\u00ed p\u0159\u00edrodnin, \u0161plh na lan\u011b, uzlov\u00e1n\u00ed, vlastiv\u011bda, morseovka, hod na svisl\u00fd a vodorovn\u00fd c\u00edl, pr\u00e1ce se sekerou, sokolsk\u00e1 historie a sou\u010dasnost, ot\u00e1zky ze zdravov\u011bdy, praktick\u00e1 \u010d\u00e1st prvn\u00ed pomoci, a dal\u0161\u00ed.<\/strong><\/p>\n\n\n\n<p><strong>V\u00edt\u011bzn\u00e1 hl\u00eddka postoup\u00ed do celost\u00e1tn\u00edho kola z\u00e1vodu po\u0159\u00e1dan\u00e9ho \u010ceskou obc\u00ed sokolskou, zkr\u00e1cen\u011b \u010cOS.<\/strong><\/p>\n\n\n\n<p>Dal\u0161\u00ed informace naleznete na webov\u00fdch str\u00e1nk\u00e1ch hlavn\u00edho po\u0159adatele, Sokolsk\u00e9 \u017eupy Han\u00e1ck\u00e9, <a rel=\"noreferrer noopener\" href=\"http:\/\/www.zupahanacka.eu\/zupni-prebor-v-zzz\/d-1584\" target=\"_blank\">http:\/\/www.zupahanacka.eu\/zupni-prebor-v-zzz\/d-1584<\/a>.<\/p>\n\n\n\n<h2 class=\"wp-block-heading\">Doprovodn\u00fd program pro ve\u0159ejnost<\/h2>\n\n\n\n<p>Od 12:00 bude v are\u00e1lu p\u0159ipraven doprovodn\u00fd program pro ve\u0159ejnost. P\u0159ipraveny jsou uk\u00e1zkov\u00e9 discipl\u00edny vhodn\u00e9 pro mlad\u0161\u00ed \u017e\u00e1ky, mo\u017enost vyzkou\u0161et si lukost\u0159elbu a st\u0159elbu ze vzduchovky.<\/p>\n\n\n\n<p><\/p>\n\n\n\n<p><strong>Za nep\u0159\u00edzniv\u00e9ho po\u010das\u00ed se doprovodn\u00fd program ru\u0161\u00ed!<\/strong><br><\/p>\n\n\n\n<h2 class=\"wp-block-heading\">M\u00edsto kon\u00e1n\u00ed &#8211; Biatlonov\u00fd are\u00e1l Bedlina Byst\u0159ice pod Host\u00fdnem<\/h2>\n\n\n\n<p>Polohu are\u00e1lu najdete na map\u011b n\u00ed\u017ee.<\/p>\n\n\n\n<iframe loading=\"lazy\" style=\"border:none\" src=\"https:\/\/frame.mapy.cz\/s\/hukozabola\" width=\"800\" height=\"380\" frameborder=\"0\"><\/iframe>\n\n\n\n<p><\/p>\n\n\n\n<blockquote class=\"wp-block-quote is-layout-flow wp-block-quote-is-layout-flow\">\n<h2 class=\"wp-block-heading\">V are\u00e1lu zaji\u0161t\u011bno pouze drobn\u00e9 ob\u010derstven\u00ed. Plnohodnotnou stravu si z\u00e1vodn\u00edci a doprov\u00e1zej\u00edc\u00ed zaji\u0161\u0165uj\u00ed sami.<\/h2>\n<\/blockquote>\n\n\n\n<h2 class=\"wp-block-heading\">Po\u0159adatel\u00e9 a pod\u011bkov\u00e1n\u00ed<\/h2>\n\n\n\n<p>Hlavn\u00edm po\u0159adatelem je Sokolsk\u00e1 \u017eupa Han\u00e1ck\u00e1. Z\u00e1zem\u00ed pro z\u00e1vod n\u00e1m poskytl Klub biatlonu Byst\u0159ice Pod Host\u00fdnem, kter\u00fd se spole\u010dn\u011b s Lukost\u0159eleck\u00fdm klubem 3D Mrl\u00ednek pod\u00edl\u00ed na doprovodn\u00e9m programu. <\/p>\n\n\n\n<p>D\u011bkujeme.<\/p>\n\n\n\n<p><\/p>\n","protected":false},"excerpt":{"rendered":"<p>V sobotu 22.4.2023 se v\u016fbec poprv\u00e9 v Byst\u0159ici pod Host\u00fdnem v Biatlonov\u00e9m are\u00e1lu Bedlina kon\u00e1 \u017eupn\u00ed p\u0159ebor Z\u00e1les\u00e1ck\u00e9ho z\u00e1vodu zdatnosti, zkr\u00e1cen\u011b ZZZ. Z\u00e1vod Za\u010d\u00e1tek z\u00e1vodu v 10:00. P\u0159edpokl\u00e1dan\u00e9 ukon\u010den\u00ed akce v 15:00 (v z\u00e1vislosti na okolnostech se konec z\u00e1vodu m\u016f\u017ee zm\u011bnit). ZZZ je sout\u011b\u017e sokolsk\u00e9 v\u0161estrannosti, kter\u00e1 se kon\u00e1 se v p\u0159\u00edrodn\u00edm prost\u0159ed\u00ed, kdy na [&hellip;]<\/p>\n","protected":false},"author":1,"featured_media":121,"comment_status":"closed","ping_status":"closed","sticky":false,"template":"","format":"standard","meta":{"_et_pb_use_builder":"off","_et_pb_old_content":"<!-- wp:paragraph -->\n<p>V sobotu 22.4.2023 se v\u016fbec poprv\u00e9 v Byst\u0159ici pod Host\u00fdnem v Biatlonov\u00e9m are\u00e1lu Bedlina kon\u00e1 \u017eupn\u00ed p\u0159ebor Z\u00e1les\u00e1ck\u00e9ho z\u00e1vodu zdatnosti, zkr\u00e1cen\u011b ZZZ.<\/p>\n<!-- \/wp:paragraph -->\n\n<!-- wp:heading -->\n<h2 class=\"wp-block-heading\">Z\u00e1vod<\/h2>\n<!-- \/wp:heading -->\n\n<!-- wp:paragraph -->\n<p>Za\u010d\u00e1tek z\u00e1vodu v 10:00. P\u0159edpokl\u00e1dan\u00e9 ukon\u010den\u00ed akce v 15:00 (v z\u00e1vislosti na okolnostech se konec z\u00e1vodu m\u016f\u017ee zm\u011bnit).<\/p>\n<!-- \/wp:paragraph -->\n\n<!-- wp:paragraph -->\n<p><strong>ZZZ je sout\u011b\u017e sokolsk\u00e9 v\u0161estrannosti, kter\u00e1 se kon\u00e1 se v p\u0159\u00edrodn\u00edm prost\u0159ed\u00ed, kdy na okruhu cca 5 km pln\u00ed hl\u00eddky r\u016fzn\u00e9 \u00fakoly. B\u011b\u017e\u00ed se na \u010das.<\/strong> <strong>Sout\u011b\u017e\u00ed 3-\u010dlenn\u00e1 dru\u017estva, tzv. hl\u00eddky, ve v\u011bkov\u00e9 kategorii od 10ti let.<\/strong><\/p>\n<!-- \/wp:paragraph -->\n\n<!-- wp:paragraph -->\n<p><strong>Na z\u00e1vodn\u00edky \u010dekaj\u00ed topografie, pr\u00e1ce s ohn\u011bm, p\u0159ekon\u00e1v\u00e1n\u00ed p\u0159ek\u00e1\u017eek, pozn\u00e1v\u00e1n\u00ed p\u0159\u00edrodnin, \u0161plh na lan\u011b, uzlov\u00e1n\u00ed, vlastiv\u011bda, morseovka, hod na svisl\u00fd a vodorovn\u00fd c\u00edl, pr\u00e1ce se sekerou, sokolsk\u00e1 historie a sou\u010dasnost, ot\u00e1zky ze zdravov\u011bdy, praktick\u00e1 \u010d\u00e1st prvn\u00ed pomoci, a dal\u0161\u00ed.<\/strong><\/p>\n<!-- \/wp:paragraph -->\n\n<!-- wp:paragraph -->\n<p><strong>V\u00edt\u011bzn\u00e9 dru\u017estvo pokra\u010duje do celost\u00e1tn\u00edho kola sout\u011b\u017ee.<\/strong><\/p>\n<!-- \/wp:paragraph -->\n\n<!-- wp:paragraph -->\n<p>V\u00edce informac\u00ed naleznete na webov\u00fdch str\u00e1nk\u00e1ch Sokolsk\u00e9 \u017eupy Han\u00e1ck\u00e9 <a rel=\"noreferrer noopener\" href=\"http:\/\/www.zupahanacka.eu\/zupni-prebor-v-zzz\/d-1584\" target=\"_blank\">http:\/\/www.zupahanacka.eu\/zupni-prebor-v-zzz\/d-1584<\/a>.<\/p>\n<!-- \/wp:paragraph -->\n\n<!-- wp:heading -->\n<h2 class=\"wp-block-heading\">Doprovodn\u00fd program pro ve\u0159ejnost<\/h2>\n<!-- \/wp:heading -->\n\n<!-- wp:paragraph -->\n<p>Od 12:00 bude v are\u00e1lu p\u0159ipraven doprovodn\u00fd program pro ve\u0159ejnost. P\u0159ipraveny jsou uk\u00e1zkov\u00e9 discipl\u00edny vhodn\u00e9 pro mlad\u0161\u00ed \u017e\u00e1ky, mo\u017enost vyzkou\u0161et si lukost\u0159elbu a st\u0159elbu ze vzduchovky.<\/p>\n<!-- \/wp:paragraph -->\n\n<!-- wp:paragraph -->\n<p><\/p>\n<!-- \/wp:paragraph -->\n\n<!-- wp:paragraph -->\n<p><strong>Za nep\u0159\u00edzniv\u00e9ho po\u010das\u00ed se doprovodn\u00fd program ru\u0161\u00ed!<\/strong><br><\/p>\n<!-- \/wp:paragraph -->\n\n<!-- wp:heading -->\n<h2 class=\"wp-block-heading\">M\u00edsto kon\u00e1n\u00ed - Biatlonov\u00fd are\u00e1l Bedlina<\/h2>\n<!-- \/wp:heading -->\n\n<!-- wp:paragraph -->\n<p>Polohu are\u00e1lu najdete na map\u011b n\u00ed\u017ee.<\/p>\n<!-- \/wp:paragraph -->\n\n<!-- wp:html -->\n<iframe style=\"border:none\" src=\"https:\/\/frame.mapy.cz\/s\/hukozabola\" width=\"400\" height=\"280\" frameborder=\"0\"><\/iframe>\n<!-- \/wp:html -->\n\n<!-- wp:heading -->\n<h2 class=\"wp-block-heading\">Po\u0159adatel\u00e9 a pod\u011bkov\u00e1n\u00ed<\/h2>\n<!-- \/wp:heading -->\n\n<!-- wp:paragraph -->\n<p>Hlavn\u00edm po\u0159adatelem je Sokolsk\u00e1 \u017eupa Han\u00e1ck\u00e1. Z\u00e1zem\u00ed pro z\u00e1vod n\u00e1m poskytl Klub biatlonu Byst\u0159ice Pod Host\u00fdnem, kter\u00fd se spole\u010dn\u011b s Lukost\u0159eleck\u00fdm klubem 3D Mrl\u00ednek pod\u00edl\u00ed na doprovodn\u00e9m programu. <\/p>\n<!-- \/wp:paragraph -->\n\n<!-- wp:paragraph -->\n<p>D\u011bkujeme.<\/p>\n<!-- \/wp:paragraph -->\n\n<!-- wp:paragraph -->\n<p><\/p>\n<!-- \/wp:paragraph -->","_et_gb_content_width":"","footnotes":""},"categories":[10],"tags":[],"class_list":["post-120","post","type-post","status-publish","format-standard","has-post-thumbnail","hentry","category-archiv"],"_links":{"self":[{"href":"https:\/\/www.tjsokolbystriceph.cz\/index.php?rest_route=\/wp\/v2\/posts\/120","targetHints":{"allow":["GET"]}}],"collection":[{"href":"https:\/\/www.tjsokolbystriceph.cz\/index.php?rest_route=\/wp\/v2\/posts"}],"about":[{"href":"https:\/\/www.tjsokolbystriceph.cz\/index.php?rest_route=\/wp\/v2\/types\/post"}],"author":[{"embeddable":true,"href":"https:\/\/www.tjsokolbystriceph.cz\/index.php?rest_route=\/wp\/v2\/users\/1"}],"replies":[{"embeddable":true,"href":"https:\/\/www.tjsokolbystriceph.cz\/index.php?rest_route=%2Fwp%2Fv2%2Fcomments&post=120"}],"version-history":[{"count":15,"href":"https:\/\/www.tjsokolbystriceph.cz\/index.php?rest_route=\/wp\/v2\/posts\/120\/revisions"}],"predecessor-version":[{"id":162,"href":"https:\/\/www.tjsokolbystriceph.cz\/index.php?rest_route=\/wp\/v2\/posts\/120\/revisions\/162"}],"wp:featuredmedia":[{"embeddable":true,"href":"https:\/\/www.tjsokolbystriceph.cz\/index.php?rest_route=\/wp\/v2\/media\/121"}],"wp:attachment":[{"href":"https:\/\/www.tjsokolbystriceph.cz\/index.php?rest_route=%2Fwp%2Fv2%2Fmedia&parent=120"}],"wp:term":[{"taxonomy":"category","embeddable":true,"href":"https:\/\/www.tjsokolbystriceph.cz\/index.php?rest_route=%2Fwp%2Fv2%2Fcategories&post=120"},{"taxonomy":"post_tag","embeddable":true,"href":"https:\/\/www.tjsokolbystriceph.cz\/index.php?rest_route=%2Fwp%2Fv2%2Ftags&post=120"}],"curies":[{"name":"wp","href":"https:\/\/api.w.org\/{rel}","templated":true}]}}