{"id":163,"date":"2023-04-23T08:24:20","date_gmt":"2023-04-23T08:24:20","guid":{"rendered":"https:\/\/www.tjsokolbystriceph.cz\/?p=163"},"modified":"2024-04-14T10:57:19","modified_gmt":"2024-04-14T10:57:19","slug":"rej-carodejnic-pro-male-i-velke-30-dubna-2023","status":"publish","type":"post","link":"https:\/\/www.tjsokolbystriceph.cz\/?p=163","title":{"rendered":"Rej \u010darod\u011bjnic pro mal\u00e9 i velk\u00e9, 30.&nbsp;dubna 2023"},"content":{"rendered":"\n<p>Zveme v\u0161echny mal\u00e9 i velk\u00e9 na tradi\u010dn\u00ed Rej \u010darod\u011bjnic. <img loading=\"lazy\" decoding=\"async\" height=\"16\" width=\"16\" alt=\"\ud83e\uddd9\u200d\u2640\ufe0f\" src=\"https:\/\/static.xx.fbcdn.net\/images\/emoji.php\/v9\/t14\/1\/16\/1f9d9_200d_2640.png\"><img loading=\"lazy\" decoding=\"async\" height=\"16\" width=\"16\" alt=\"\ud83e\udddd\u200d\u2640\ufe0f\" src=\"https:\/\/static.xx.fbcdn.net\/images\/emoji.php\/v9\/tff\/1\/16\/1f9dd_200d_2640.png\"><img loading=\"lazy\" decoding=\"async\" height=\"16\" width=\"16\" alt=\"\ud83d\udd25\" src=\"https:\/\/static.xx.fbcdn.net\/images\/emoji.php\/v9\/t50\/1\/16\/1f525.png\"><\/p>\n\n\n\n<p>Sejdeme se v mask\u00e1ch ve 14:30 na n\u00e1m\u011bst\u00ed TGM v Byst\u0159ici pod Host\u00fdnem. S sebou si nezapome\u0148te \u010darod\u011bjnou masku, bub\u00ednky, p\u00ed\u0161\u0165alky nebo jak\u00e9koliv hudebn\u00ed n\u00e1stroje. Spole\u010dn\u011b se pr\u016fvodem s hudbou p\u0159esuneme na h\u0159i\u0161t\u011b u sokolovny.<\/p>\n\n\n\n<p>P\u0159ipraveny budou aktivity pro d\u011bti s drobn\u00fdmi odm\u011bnami. <a href=\"https:\/\/www.facebook.com\/WoodlandBystricepodHostynem?__cft__[0]=AZUlfotGV3ok5wSfu55EQq1_bdHvnA6uMmvfKtQJiWS8kcodtcWcZHa204dpsUESsh81dx0bf8xPCiVps-lroW9F0ZsURYw5aoOv-LZ18KLFDIHhaZYTfVafXuycB2yUTPZKNSEF6EGD2KrgdG6ch7WS&amp;__tn__=-]K-R\">Woodland Herni\u010dka<\/a> si pro d\u011bti p\u0159ipravila doprovodn\u00fd program v podob\u011b malov\u00e1n\u00ed na obli\u010dej. <img loading=\"lazy\" decoding=\"async\" height=\"16\" width=\"16\" alt=\"\ud83e\udd29\" src=\"https:\/\/static.xx.fbcdn.net\/images\/emoji.php\/v9\/t58\/1\/16\/1f929.png\"><img loading=\"lazy\" decoding=\"async\" height=\"16\" width=\"16\" alt=\"\ud83d\ude0d\" src=\"https:\/\/static.xx.fbcdn.net\/images\/emoji.php\/v9\/t2\/1\/16\/1f60d.png\"><img loading=\"lazy\" decoding=\"async\" height=\"16\" width=\"16\" alt=\"\ud83e\udd21\" src=\"https:\/\/static.xx.fbcdn.net\/images\/emoji.php\/v9\/t50\/1\/16\/1f921.png\"><\/p>\n\n\n\n<p>V <a><\/a>16:30 symbolicky zap\u00e1l\u00edme \u010darod\u011bjnici a pot\u00e9 si na ohni ope\u010deme n\u011bco dobr\u00e9ho.<\/p>\n\n\n\n<p>Ob\u010derstven\u00ed bude zaji\u0161t\u011bno. Vstupn\u00e9 je dobrovoln\u00e9.<\/p>\n\n\n\n<p>T\u011b\u0161\u00edme se na Va\u0161i n\u00e1v\u0161t\u011bvu.<\/p>\n","protected":false},"excerpt":{"rendered":"<p>Zveme v\u0161echny mal\u00e9 i velk\u00e9 na tradi\u010dn\u00ed Rej \u010darod\u011bjnic. Sejdeme se v mask\u00e1ch ve 14:30 na n\u00e1m\u011bst\u00ed TGM v Byst\u0159ici pod Host\u00fdnem. S sebou si nezapome\u0148te \u010darod\u011bjnou masku, bub\u00ednky, p\u00ed\u0161\u0165alky nebo jak\u00e9koliv hudebn\u00ed n\u00e1stroje. Spole\u010dn\u011b se pr\u016fvodem s hudbou p\u0159esuneme na h\u0159i\u0161t\u011b u sokolovny. P\u0159ipraveny budou aktivity pro d\u011bti s drobn\u00fdmi odm\u011bnami. Woodland Herni\u010dka si [&hellip;]<\/p>\n","protected":false},"author":1,"featured_media":164,"comment_status":"closed","ping_status":"closed","sticky":false,"template":"","format":"standard","meta":{"_et_pb_use_builder":"off","_et_pb_old_content":"","_et_gb_content_width":"","footnotes":""},"categories":[10],"tags":[],"class_list":["post-163","post","type-post","status-publish","format-standard","has-post-thumbnail","hentry","category-archiv"],"_links":{"self":[{"href":"https:\/\/www.tjsokolbystriceph.cz\/index.php?rest_route=\/wp\/v2\/posts\/163","targetHints":{"allow":["GET"]}}],"collection":[{"href":"https:\/\/www.tjsokolbystriceph.cz\/index.php?rest_route=\/wp\/v2\/posts"}],"about":[{"href":"https:\/\/www.tjsokolbystriceph.cz\/index.php?rest_route=\/wp\/v2\/types\/post"}],"author":[{"embeddable":true,"href":"https:\/\/www.tjsokolbystriceph.cz\/index.php?rest_route=\/wp\/v2\/users\/1"}],"replies":[{"embeddable":true,"href":"https:\/\/www.tjsokolbystriceph.cz\/index.php?rest_route=%2Fwp%2Fv2%2Fcomments&post=163"}],"version-history":[{"count":2,"href":"https:\/\/www.tjsokolbystriceph.cz\/index.php?rest_route=\/wp\/v2\/posts\/163\/revisions"}],"predecessor-version":[{"id":166,"href":"https:\/\/www.tjsokolbystriceph.cz\/index.php?rest_route=\/wp\/v2\/posts\/163\/revisions\/166"}],"wp:featuredmedia":[{"embeddable":true,"href":"https:\/\/www.tjsokolbystriceph.cz\/index.php?rest_route=\/wp\/v2\/media\/164"}],"wp:attachment":[{"href":"https:\/\/www.tjsokolbystriceph.cz\/index.php?rest_route=%2Fwp%2Fv2%2Fmedia&parent=163"}],"wp:term":[{"taxonomy":"category","embeddable":true,"href":"https:\/\/www.tjsokolbystriceph.cz\/index.php?rest_route=%2Fwp%2Fv2%2Fcategories&post=163"},{"taxonomy":"post_tag","embeddable":true,"href":"https:\/\/www.tjsokolbystriceph.cz\/index.php?rest_route=%2Fwp%2Fv2%2Ftags&post=163"}],"curies":[{"name":"wp","href":"https:\/\/api.w.org\/{rel}","templated":true}]}}